{"id":588,"date":"2023-05-10T20:41:26","date_gmt":"2023-05-10T20:41:26","guid":{"rendered":"https:\/\/adelal.com\/?p=588"},"modified":"2023-05-10T20:41:26","modified_gmt":"2023-05-10T20:41:26","slug":"o-culto-do-bo","status":"publish","type":"post","link":"https:\/\/adelal.com\/?p=588","title":{"rendered":"O culto do bo"},"content":{"rendered":"\n<p>El culto (en el sentido de cultivo) de lo bueno. Bolet\u00edn de ABiblio.<\/p>\n\n\n\n<div class=\"wp-block-file\"><a href=\"https:\/\/adelal.com\/wp-content\/uploads\/o-culto-do-bo.-2-astronauta.pdf\">o culto do bo. 2 astronauta<\/a><a href=\"https:\/\/adelal.com\/wp-content\/uploads\/o-culto-do-bo.-2-astronauta.pdf\" class=\"wp-block-file__button\" download>Descarga<\/a><\/div>\n\n\n\n<figure class=\"wp-block-image size-large\"><img loading=\"lazy\" decoding=\"async\" width=\"665\" height=\"1024\" src=\"https:\/\/adelal.com\/wp-content\/uploads\/o-culto-do-bo.-2-astronauta-665x1024.png\" alt=\"\" class=\"wp-image-590\" srcset=\"https:\/\/adelal.com\/wp-content\/uploads\/o-culto-do-bo.-2-astronauta-665x1024.png 665w, https:\/\/adelal.com\/wp-content\/uploads\/o-culto-do-bo.-2-astronauta-195x300.png 195w, https:\/\/adelal.com\/wp-content\/uploads\/o-culto-do-bo.-2-astronauta-768x1183.png 768w, https:\/\/adelal.com\/wp-content\/uploads\/o-culto-do-bo.-2-astronauta.png 900w\" sizes=\"auto, (max-width: 665px) 100vw, 665px\" \/><\/figure>\n\n\n\n<p>Enlaces del n\u00famero 2:<\/p>\n\n\n\n<p>-Entrevista con Sara Garc\u00eda:&nbsp;<a href=\"https:\/\/www.youtube.com\/watch?v=-tQ1miKc6-Q\">https:\/\/www.youtube.com\/watch?v=-tQ1miKc6-Q<\/a><\/p>\n\n\n\n<p>-Zweig en la wikipedia:&nbsp;<a href=\"https:\/\/www.wikiwand.com\/es\/Stefan_Zweig\">https:\/\/www.wikiwand.com\/es\/Stefan_Zweig<\/a><\/p>\n\n\n\n<p>-El siglo XVIII en la wikipedia:&nbsp;<a href=\"https:\/\/www.wikiwand.com\/es\/Siglo_XVIII\">https:\/\/www.wikiwand.com\/es\/Siglo_XVIII<\/a><\/p>\n\n\n\n<p>-Texto de la Justificaci\u00f3n editorial:&nbsp;<\/p>\n","protected":false},"excerpt":{"rendered":"<p>El culto (en el sentido de cultivo) de lo bueno. Bolet\u00edn de ABiblio. Enlaces del n\u00famero 2: -Entrevista con Sara Garc\u00eda:&nbsp;https:\/\/www.youtube.com\/watch?v=-tQ1miKc6-Q -Zweig en la wikipedia:&nbsp;https:\/\/www.wikiwand.com\/es\/Stefan_Zweig -El siglo XVIII en la wikipedia:&nbsp;https:\/\/www.wikiwand.com\/es\/Siglo_XVIII -Texto de la Justificaci\u00f3n editorial:&nbsp;<\/p>\n","protected":false},"author":1,"featured_media":0,"comment_status":"open","ping_status":"open","sticky":false,"template":"","format":"standard","meta":{"footnotes":""},"categories":[1],"tags":[],"class_list":["post-588","post","type-post","status-publish","format-standard","hentry","category-sin-categoria"],"_links":{"self":[{"href":"https:\/\/adelal.com\/index.php?rest_route=\/wp\/v2\/posts\/588","targetHints":{"allow":["GET"]}}],"collection":[{"href":"https:\/\/adelal.com\/index.php?rest_route=\/wp\/v2\/posts"}],"about":[{"href":"https:\/\/adelal.com\/index.php?rest_route=\/wp\/v2\/types\/post"}],"author":[{"embeddable":true,"href":"https:\/\/adelal.com\/index.php?rest_route=\/wp\/v2\/users\/1"}],"replies":[{"embeddable":true,"href":"https:\/\/adelal.com\/index.php?rest_route=%2Fwp%2Fv2%2Fcomments&post=588"}],"version-history":[{"count":1,"href":"https:\/\/adelal.com\/index.php?rest_route=\/wp\/v2\/posts\/588\/revisions"}],"predecessor-version":[{"id":591,"href":"https:\/\/adelal.com\/index.php?rest_route=\/wp\/v2\/posts\/588\/revisions\/591"}],"wp:attachment":[{"href":"https:\/\/adelal.com\/index.php?rest_route=%2Fwp%2Fv2%2Fmedia&parent=588"}],"wp:term":[{"taxonomy":"category","embeddable":true,"href":"https:\/\/adelal.com\/index.php?rest_route=%2Fwp%2Fv2%2Fcategories&post=588"},{"taxonomy":"post_tag","embeddable":true,"href":"https:\/\/adelal.com\/index.php?rest_route=%2Fwp%2Fv2%2Ftags&post=588"}],"curies":[{"name":"wp","href":"https:\/\/api.w.org\/{rel}","templated":true}]}}