{"id":359,"date":"2016-01-25T18:46:27","date_gmt":"2016-01-25T18:46:27","guid":{"rendered":"https:\/\/adelal.com\/?p=359"},"modified":"2016-01-25T18:52:10","modified_gmt":"2016-01-25T18:52:10","slug":"los-tiempos-estan-cambiando","status":"publish","type":"post","link":"https:\/\/adelal.com\/?p=359","title":{"rendered":"Los tiempos est\u00e1n cambiando"},"content":{"rendered":"<p>Interesante art\u00edculo de opini\u00f3n publicado hoy 25 de enero de 2016 en La Voz por Xes\u00fas Alonso Montero, presidente de la Real Academia de la Lengua Galega.<\/p>\n<p>(<a title=\"art\u00edculo\" href=\"https:\/\/www.lavozdegalicia.es\/noticia\/opinion\/2016\/01\/25\/normalizacion-linguistica-as-dereitas-galegas\/0003_201601G25P13991.htm\" target=\"_blank\">https:\/\/www.lavozdegalicia.es\/noticia\/opinion\/2016\/01\/25\/normalizacion-linguistica-as-dereitas-galegas\/0003_201601G25P13991.htm<\/a>)<\/p>\n<p>Lo titula \u00abA normalizaci\u00f3n ling\u00fc\u00edstica e as dereitas galegas\u00bb y viene a celebrar un hecho: que el \u00abCamino\u00bb de monse\u00f1or haya sido traducido al gallego.<\/p>\n<p>Versi\u00f3n en castellano: (<a href=\"https:\/\/adelal.com\/wp-content\/uploads\/a-normalizacion-liguistica1.pdf\">a normalizacion liguistica<\/a>)<\/p>\n<p>Curioso.<\/p>\n<p>&nbsp;<\/p>\n","protected":false},"excerpt":{"rendered":"<p>Interesante art\u00edculo de opini\u00f3n publicado hoy 25 de enero de 2016 en La Voz por Xes\u00fas Alonso Montero, presidente de la Real Academia de la Lengua Galega. (https:\/\/www.lavozdegalicia.es\/noticia\/opinion\/2016\/01\/25\/normalizacion-linguistica-as-dereitas-galegas\/0003_201601G25P13991.htm) Lo titula \u00abA normalizaci\u00f3n ling\u00fc\u00edstica e as dereitas galegas\u00bb y viene a &hellip; <a href=\"https:\/\/adelal.com\/?p=359\">Sigue leyendo <span class=\"meta-nav\">&rarr;<\/span><\/a><\/p>\n","protected":false},"author":1,"featured_media":0,"comment_status":"open","ping_status":"open","sticky":false,"template":"","format":"standard","meta":{"footnotes":""},"categories":[1],"tags":[],"class_list":["post-359","post","type-post","status-publish","format-standard","hentry","category-sin-categoria"],"_links":{"self":[{"href":"https:\/\/adelal.com\/index.php?rest_route=\/wp\/v2\/posts\/359","targetHints":{"allow":["GET"]}}],"collection":[{"href":"https:\/\/adelal.com\/index.php?rest_route=\/wp\/v2\/posts"}],"about":[{"href":"https:\/\/adelal.com\/index.php?rest_route=\/wp\/v2\/types\/post"}],"author":[{"embeddable":true,"href":"https:\/\/adelal.com\/index.php?rest_route=\/wp\/v2\/users\/1"}],"replies":[{"embeddable":true,"href":"https:\/\/adelal.com\/index.php?rest_route=%2Fwp%2Fv2%2Fcomments&post=359"}],"version-history":[{"count":8,"href":"https:\/\/adelal.com\/index.php?rest_route=\/wp\/v2\/posts\/359\/revisions"}],"predecessor-version":[{"id":369,"href":"https:\/\/adelal.com\/index.php?rest_route=\/wp\/v2\/posts\/359\/revisions\/369"}],"wp:attachment":[{"href":"https:\/\/adelal.com\/index.php?rest_route=%2Fwp%2Fv2%2Fmedia&parent=359"}],"wp:term":[{"taxonomy":"category","embeddable":true,"href":"https:\/\/adelal.com\/index.php?rest_route=%2Fwp%2Fv2%2Fcategories&post=359"},{"taxonomy":"post_tag","embeddable":true,"href":"https:\/\/adelal.com\/index.php?rest_route=%2Fwp%2Fv2%2Ftags&post=359"}],"curies":[{"name":"wp","href":"https:\/\/api.w.org\/{rel}","templated":true}]}}